{"id":31275,"global_id":"museutapies.org\/es\/?id=31275","global_id_lineage":["museutapies.org\/es\/?id=31275"],"author":"3","status":"publish","date":"2024-01-23 16:48:12","date_utc":"2024-01-23 16:48:12","modified":"2024-10-28 19:02:04","modified_utc":"2024-10-28 18:02:04","url":"https:\/\/museutapies.org\/es\/event\/hoy-es-tapies-vicenc-altaio-alicia-kopf\/","rest_url":"https:\/\/museutapies.org\/es\/wp-json\/tribe\/events\/v1\/events\/31275","title":"Hoy es T\u00e0pies. Vicen\u00e7 Altai\u00f3 y Alicia Kopf","description":"<p>&nbsp;<\/p>\n<div class=\"load-turitop\" data-service=\"P60\" data-lang=\"es\" data-embed=\"button\">Entradas<\/div>\n<p>&nbsp;<\/p>\n<p><img loading=\"lazy\" decoding=\"async\" class=\"alignnone size-medium wp-image-29958\" src=\"https:\/\/museutapies.org\/wp-content\/uploads\/2023\/12\/avui-es-tapies-1-800x614.png\" alt=\"\" width=\"800\" height=\"614\" srcset=\"https:\/\/museutapies.org\/wp-content\/uploads\/2023\/12\/avui-es-tapies-1-800x614.png 800w, https:\/\/museutapies.org\/wp-content\/uploads\/2023\/12\/avui-es-tapies-1-900x691.png 900w, https:\/\/museutapies.org\/wp-content\/uploads\/2023\/12\/avui-es-tapies-1-768x589.png 768w, https:\/\/museutapies.org\/wp-content\/uploads\/2023\/12\/avui-es-tapies-1-1536x1179.png 1536w, https:\/\/museutapies.org\/wp-content\/uploads\/2023\/12\/avui-es-tapies-1-500x384.png 500w, https:\/\/museutapies.org\/wp-content\/uploads\/2023\/12\/avui-es-tapies-1-380x292.png 380w, https:\/\/museutapies.org\/wp-content\/uploads\/2023\/12\/avui-es-tapies-1-600x460.png 600w, https:\/\/museutapies.org\/wp-content\/uploads\/2023\/12\/avui-es-tapies-1.png 1772w\" sizes=\"(max-width: 800px) 100vw, 800px\" \/><\/p>\n<p>&nbsp;<\/p>\n<p><i><\/i><em>Hoy es T\u00e0pies<\/em> es un ciclo de conversaciones intergeneracional e interdisciplinario conducido y moderado por la periodista cultural <strong>Rita Roig<\/strong> (Terrassa, 1997) y organizado por la Fundaci\u00f3 Antoni T\u00e0pies en el marco del <a href=\"https:\/\/museutapies.org\/es\/any-tapies\/\">A\u00f1o T\u00e0pies,<\/a> en colaboraci\u00f3n con Catalunya R\u00e0dio. El ciclo tiene la voluntad de interpretar los textos del artista como punto de partida para hablar sobre problem\u00e1ticas actuales como el ecologismo, la autodeterminaci\u00f3n de los pueblos, la interculturalidad o el compromiso pol\u00edtico del arte.<\/p>\n<p>&nbsp;<\/p>\n<p><span style=\"font-weight: 400\">El ciclo invitar\u00e1 a hacer presentes las palabras y el pensamiento del artista por medio de trece encuentros en la Fundaci\u00f3 Antoni T\u00e0pies en los que participar\u00e1n personas de \u00e1mbitos profesionales diferentes (cultura, educaci\u00f3n, ciencia, pol\u00edtica, medio ambiente, salud y ciencias humanas) y de diferentes generaciones. El conjunto permitir\u00e1 construir un relato polif\u00f3nico que quedar\u00e1 recogido en forma de p\u00f3dcast, gracias a la colaboraci\u00f3n de Catalunya R\u00e0dio, con tal de recuperar i vivir el conocimiento generado en otro formato y en otro contexto.<\/span><\/p>\n<p>&nbsp;<\/p>\n<p>&nbsp;<\/p>\n<p><b><span style=\"text-decoration: underline\"><span class=\"HwtZe\" lang=\"es\"><span class=\"jCAhz ChMk0b\"><span class=\"ryNqvb\">CAP\u00cdTULO 2:<\/span><\/span><\/span><\/span><\/b><\/p>\n<p>&nbsp;<\/p>\n<p><strong><span style=\"text-decoration: underline\"><span class=\"HwtZe\" lang=\"es\"><span class=\"jCAhz ChMk0b\"><span class=\"ryNqvb\">CUANDO LA ESCRITURA SE CONVIERTE EN ARTE, Y VICEVERSA<\/span><\/span><\/span><\/span><\/strong><\/p>\n<p>&nbsp;<\/p>\n<p><span style=\"font-weight: 400\"><span class=\"HwtZe\" lang=\"es\"><span class=\"jCAhz ChMk0b\"><span class=\"ryNqvb\">Dec\u00eda T\u00e0pies que vivimos en el pa\u00eds del \u201cyo pinto y basta\u201d.<\/span><\/span> <span class=\"jCAhz ChMk0b\"><span class=\"ryNqvb\">Nuestra sociedad no valora los escritos de los artistas como algo inherente al proceso creativo y, por consiguiente, trazamos una l\u00ednea para separar el arte de la escritura y alejar estas disciplinas que, en realidad, son indisociables.<\/span><\/span> <span class=\"jCAhz ChMk0b\"><span class=\"ryNqvb\">La obra de T\u00e0pies, donde el lenguaje escrito y el visual son uno solo, es un claro ejemplo, y esta conversaci\u00f3n servir\u00e1 de excusa para que Vicen\u00e7 Altai\u00f3 y Alicia Kopf reflexionen sobre la interdisciplinariedad en la creaci\u00f3n y la escritura como<\/span><\/span> <span class=\"jCAhz ChMk0b\"><span class=\"ryNqvb\">proceso art\u00edstico.<\/span><\/span><\/span><\/span><\/p>\n<p>&nbsp;<\/p>\n<p><img loading=\"lazy\" decoding=\"async\" class=\"alignnone size-full wp-image-36629\" src=\"https:\/\/museutapies.org\/wp-content\/uploads\/2024\/01\/altaio-kopf-fundacio-antoni-tapies-1.png\" alt=\"\" width=\"614\" height=\"397\" srcset=\"https:\/\/museutapies.org\/wp-content\/uploads\/2024\/01\/altaio-kopf-fundacio-antoni-tapies-1.png 614w, https:\/\/museutapies.org\/wp-content\/uploads\/2024\/01\/altaio-kopf-fundacio-antoni-tapies-1-500x323.png 500w, https:\/\/museutapies.org\/wp-content\/uploads\/2024\/01\/altaio-kopf-fundacio-antoni-tapies-1-380x246.png 380w, https:\/\/museutapies.org\/wp-content\/uploads\/2024\/01\/altaio-kopf-fundacio-antoni-tapies-1-600x388.png 600w\" sizes=\"(max-width: 614px) 100vw, 614px\" \/><\/p>\n<p><b>PARTICIPANTES<\/b><\/p>\n<p>&nbsp;<\/p>\n<p><b>Vicen\u00e7 Altai\u00f3<\/b><span style=\"font-weight: 400\">, <\/span><span class=\"HwtZe\" lang=\"es\"><span class=\"jCAhz ChMk0b\"><span class=\"ryNqvb\">poeta y agitador cultural, ha construido una trayectoria literaria y ensay\u00edstica personal siempre al acecho de las oscilaciones est\u00e9ticas de las letras y las artes.<\/span><\/span> <span class=\"jCAhz ChMk0b\"><span class=\"ryNqvb\">Ha impulsado iniciativas editoriales diversas e innovadoras, as\u00ed como exposiciones de arte de vocaci\u00f3n interdisciplinar.<\/span><\/span> <span class=\"jCAhz ChMk0b\"><span class=\"ryNqvb\">Adem\u00e1s, ha ejercido de traductor de teatro, cr\u00edtico de arte, articulista de opini\u00f3n y ensayista.<\/span><\/span> <span class=\"jCAhz ChMk0b\"><span class=\"ryNqvb\">De hecho, su obra ensay\u00edstica est\u00e1 reunida a trav\u00e9s de la serie <i>Tr\u00e0fic d\u2019idees<\/i>.<\/span><\/span> <span class=\"jCAhz ChMk0b\"><span class=\"ryNqvb\">Recibi\u00f3 el Premio Carles Rahola de periodismo por su art\u00edculo 4<em>0 anys. Una tarda de diumenge amb la Merc\u00e8 del Mini Print Internacional de Cadaqu\u00e9s (<\/em>40 a\u00f1os.<\/span><\/span> <span class=\"jCAhz ChMk0b\"><span class=\"ryNqvb\">Una tarde de domingo con Mercedes del Mini Print Internacional de Cadaqu\u00e9s), publicado en el digital <em>El Temps de les Arts<\/em>, en 2020.<\/span><\/span><\/span><\/p>\n<p>&nbsp;<\/p>\n<p><b>Alicia Kopf<\/b> <span class=\"HwtZe\" lang=\"es\"><span class=\"jCAhz ChMk0b\"><span class=\"ryNqvb\">es artista y escritora multidisciplinar.<\/span><\/span> <span class=\"jCAhz ChMk0b\"><span class=\"ryNqvb\">Licenciada en Bellas Artes, graduada en Teor\u00eda Literaria y Literatura Comparada por la Universitat de Barcelona y diplomada en Estudios Avanzados, trabaja con v\u00eddeo, escritura y dibujo.<\/span><\/span> <span class=\"jCAhz ChMk0b\"><span class=\"ryNqvb\">Su obra reflexiona en torno a la exploraci\u00f3n y otras tem\u00e1ticas aparentemente individuales que se han convertido en preocupaciones generacionales.<\/span><\/span> <span class=\"jCAhz ChMk0b\"><span class=\"ryNqvb\">Su primera novela, <em>Germ\u00e0 de gel<\/em> (L\u2019Altra Editorial, 2016), ha recibido los premios <em>Documenta<\/em> (2015), <em>Llibreter<\/em> (2016), <em>Ojo Cr\u00edtico<\/em> (2016) y <em>C\u00e1lamo Otra Mirada<\/em> (2016), y ha sido traducida a diez lenguas.<\/span><\/span><\/span><\/p>\n<p>&nbsp;<\/p>\n<p>Fecha: 30.01.24 | Lugar: Auditorio de la Fundaci\u00f3 Antoni T\u00e0pies | Horario: 18.00 h | Duraci\u00f3n: 1 h | Precio: 3 \u20ac | Idioma: catal\u00e1n<\/p>\n<p>&nbsp;<\/p>\n<p>Visite el <a href=\"https:\/\/museutapies.org\/activitat\/cicle-avui-es-tapies\/\">Programa completo del ciclo <em>Hoy es T\u00e0pies<\/em><\/a><\/p>\n<p>&nbsp;<\/p>\n<p>&nbsp;<\/p>\n<p><span style=\"font-size: 10pt\">Imagen: F. Catal\u00e0-Roca. Antoni T\u00e0pies trabajando, 1959. \u00a9 Fons Fotogr\u00e0fic F. Catal\u00e0-Roca &#8211; Arxiu Hist\u00f2ric <\/span><span style=\"font-size: 10pt\">del COAC, 2023.<\/span><\/p>","excerpt":"<p>Vicen\u00e7 Altai\u00f3 y Alicia Kopf protagonizan &#8220;Hoy es T\u00e0pies&#8221;, un ciclo de conversaciones intergeneracional conducido por Rita Roig.<\/p>","slug":"hoy-es-tapies-vicenc-altaio-alicia-kopf","image":{"url":"https:\/\/museutapies.org\/wp-content\/uploads\/2024\/01\/altaio-kopf-fundacio-antoni-tapies.png","id":31386,"extension":"png","width":614,"height":397,"filesize":445241,"sizes":{"thumbnail":{"width":510,"height":300,"mime-type":"image\/png","filesize":265946,"url":"https:\/\/museutapies.org\/wp-content\/uploads\/2024\/01\/altaio-kopf-fundacio-antoni-tapies-510x300.png"},"fullheader":{"width":2000,"height":1250,"mime-type":"image\/png","filesize":1286445,"url":"https:\/\/museutapies.org\/wp-content\/uploads\/2024\/01\/altaio-kopf-fundacio-antoni-tapies-2000x1250.png"},"home-slider":{"width":1200,"height":750,"mime-type":"image\/png","filesize":1054561,"url":"https:\/\/museutapies.org\/wp-content\/uploads\/2024\/01\/altaio-kopf-fundacio-antoni-tapies-1200x750.png"},"mediumcrop":{"width":800,"height":550,"mime-type":"image\/png","filesize":654273,"url":"https:\/\/museutapies.org\/wp-content\/uploads\/2024\/01\/altaio-kopf-fundacio-antoni-tapies-800x550.png"},"obra":{"width":500,"height":323,"mime-type":"image\/png","filesize":279179,"url":"https:\/\/museutapies.org\/wp-content\/uploads\/2024\/01\/altaio-kopf-fundacio-antoni-tapies-500x323.png"},"obra_arxiu":{"width":380,"height":246,"mime-type":"image\/png","filesize":169763,"url":"https:\/\/museutapies.org\/wp-content\/uploads\/2024\/01\/altaio-kopf-fundacio-antoni-tapies-380x246.png"},"actual":{"width":1050,"height":618,"mime-type":"image\/png","filesize":860348,"url":"https:\/\/museutapies.org\/wp-content\/uploads\/2024\/01\/altaio-kopf-fundacio-antoni-tapies-1050x618.png"},"shop":{"width":500,"height":355,"mime-type":"image\/png","filesize":304595,"url":"https:\/\/museutapies.org\/wp-content\/uploads\/2024\/01\/altaio-kopf-fundacio-antoni-tapies-500x355.png"},"square":{"width":350,"height":350,"mime-type":"image\/png","filesize":209051,"url":"https:\/\/museutapies.org\/wp-content\/uploads\/2024\/01\/altaio-kopf-fundacio-antoni-tapies-350x350.png"},"woocommerce_thumbnail":{"width":300,"height":300,"mime-type":"image\/png","filesize":157799,"url":"https:\/\/museutapies.org\/wp-content\/uploads\/2024\/01\/altaio-kopf-fundacio-antoni-tapies-300x300.png"},"woocommerce_single":{"width":600,"height":388,"mime-type":"image\/png","filesize":386258,"url":"https:\/\/museutapies.org\/wp-content\/uploads\/2024\/01\/altaio-kopf-fundacio-antoni-tapies-600x388.png"},"woocommerce_gallery_thumbnail":{"width":100,"height":100,"mime-type":"image\/png","filesize":21224,"url":"https:\/\/museutapies.org\/wp-content\/uploads\/2024\/01\/altaio-kopf-fundacio-antoni-tapies-100x100.png"}}},"all_day":false,"start_date":"2024-01-30 18:00:00","start_date_details":{"year":"2024","month":"01","day":"30","hour":"18","minutes":"00","seconds":"00"},"end_date":"2024-01-30 19:00:00","end_date_details":{"year":"2024","month":"01","day":"30","hour":"19","minutes":"00","seconds":"00"},"utc_start_date":"2024-01-30 18:00:00","utc_start_date_details":{"year":"2024","month":"01","day":"30","hour":"18","minutes":"00","seconds":"00"},"utc_end_date":"2024-01-30 19:00:00","utc_end_date_details":{"year":"2024","month":"01","day":"30","hour":"19","minutes":"00","seconds":"00"},"timezone":"UTC+0","timezone_abbr":"UTC+0","cost":"","cost_details":{"currency_symbol":"\u20ac","currency_code":"EUR","currency_position":"suffix","values":[]},"website":"","show_map":false,"show_map_link":true,"hide_from_listings":false,"sticky":false,"featured":false,"categories":[{"name":"Seminarios y conferencias","slug":"seminarios-y-conferencias","term_group":0,"term_taxonomy_id":5767,"taxonomy":"tribe_events_cat","description":"","parent":0,"count":2,"filter":"raw","id":5767,"urls":{"self":"https:\/\/museutapies.org\/es\/wp-json\/tribe\/events\/v1\/categories\/5767","collection":"https:\/\/museutapies.org\/es\/wp-json\/tribe\/events\/v1\/categories"}}],"tags":[],"venue":{"id":30355,"author":"1","status":"publish","date":"2024-01-10 11:07:09","date_utc":"2024-01-10 11:07:09","modified":"2024-06-28 09:47:30","modified_utc":"2024-06-28 07:47:30","url":"https:\/\/museutapies.org\/local\/fundacio-antoni-tapies\/","venue":"Museu T\u00e0pies","slug":"fundacio-antoni-tapies","json_ld":{"@type":"Place","name":"Museu T\u00e0pies","description":"","url":"https:\/\/museutapies.org\/local\/fundacio-antoni-tapies\/","address":{"@type":"PostalAddress"},"telephone":"","sameAs":""},"show_map":false,"show_map_link":true,"global_id":"museutapies.org\/es\/?id=30355","global_id_lineage":["museutapies.org\/es\/?id=30355"]},"organizer":[],"json_ld":{"@context":"http:\/\/schema.org","@type":"Event","name":"Hoy es T\u00e0pies. Vicen\u00e7 Altai\u00f3 y Alicia Kopf","description":"&lt;p&gt;Vicen\u00e7 Altai\u00f3 y Alicia Kopf protagonizan &quot;Hoy es T\u00e0pies&quot;, un ciclo de conversaciones intergeneracional conducido por Rita Roig.&lt;\/p&gt;\\n","image":"https:\/\/museutapies.org\/wp-content\/uploads\/2024\/01\/altaio-kopf-fundacio-antoni-tapies.png","url":"https:\/\/museutapies.org\/es\/event\/hoy-es-tapies-vicenc-altaio-alicia-kopf\/","eventAttendanceMode":"https:\/\/schema.org\/OfflineEventAttendanceMode","eventStatus":"https:\/\/schema.org\/EventScheduled","startDate":"2024-01-30T18:00:00+00:00","endDate":"2024-01-30T19:00:00+00:00","location":{"@type":"Place","name":"Museu T\u00e0pies","description":"","url":"https:\/\/museutapies.org\/local\/fundacio-antoni-tapies\/","address":{"@type":"PostalAddress"},"telephone":"","sameAs":""},"performer":"Organization"},"is_virtual":false,"virtual_url":null,"virtual_video_source":""}