{"id":37888,"global_id":"museutapies.org\/es\/?id=37888","global_id_lineage":["museutapies.org\/es\/?id=37888"],"author":"3","status":"publish","date":"2025-02-11 17:35:23","date_utc":"2025-02-11 16:35:23","modified":"2025-11-26 18:39:48","modified_utc":"2025-11-26 17:39:48","url":"https:\/\/museutapies.org\/es\/event\/las-sillas-de-tapies-memorias-tatuadas\/","rest_url":"https:\/\/museutapies.org\/es\/wp-json\/tribe\/events\/v1\/events\/37888","title":"Las sillas de T\u00e0pies. Segunda edici\u00f3n","description":"<p><img loading=\"lazy\" decoding=\"async\" class=\"alignnone size-medium wp-image-40683\" src=\"https:\/\/museutapies.org\/wp-content\/uploads\/2025\/02\/F-76-salareflexio_B_EC_12-533x800.jpg\" alt=\"\" width=\"533\" height=\"800\" srcset=\"https:\/\/museutapies.org\/wp-content\/uploads\/2025\/02\/F-76-salareflexio_B_EC_12-533x800.jpg 533w, https:\/\/museutapies.org\/wp-content\/uploads\/2025\/02\/F-76-salareflexio_B_EC_12-467x700.jpg 467w, https:\/\/museutapies.org\/wp-content\/uploads\/2025\/02\/F-76-salareflexio_B_EC_12-768x1152.jpg 768w, https:\/\/museutapies.org\/wp-content\/uploads\/2025\/02\/F-76-salareflexio_B_EC_12-500x750.jpg 500w, https:\/\/museutapies.org\/wp-content\/uploads\/2025\/02\/F-76-salareflexio_B_EC_12-380x570.jpg 380w, https:\/\/museutapies.org\/wp-content\/uploads\/2025\/02\/F-76-salareflexio_B_EC_12-600x900.jpg 600w, https:\/\/museutapies.org\/wp-content\/uploads\/2025\/02\/F-76-salareflexio_B_EC_12.jpg 900w\" sizes=\"(max-width: 533px) 100vw, 533px\" \/><\/p>\n<p>La segunda edici\u00f3n del ciclo de acci\u00f3n <em>Las sillas de T\u00e0pies<\/em>, subtitulado <em>Memorias tatuadas<\/em>, abarca dos l\u00edneas de estudio: la memoria y el cuerpo, desde la noci\u00f3n de rastro que deja el bagaje, y la herencia en la piel, como si fuera una cicatriz. Estos dos elementos, claramente tapianos, act\u00faan como relato y permiten conectar universos pasados \u200b\u200bcon mundos presentes, generando as\u00ed un archivo vivo de experiencias, recuerdos e identidades.<\/p>\n<p>En este marco, el cuerpo se entiende m\u00e1s all\u00e1 del soporte f\u00edsico y se le da una entidad simb\u00f3lica que, al igual que la piel, refleja historias y vivencias. As\u00ed pues, cada una de las acciones permite explorar c\u00f3mo el cuerpo recuerda, guarda y transforma las experiencias individuales y colectivas en la memoria f\u00edsica y emocional, y c\u00f3mo estas memorias emergen y se comunican a trav\u00e9s de la performance y del movimiento. Al incluir el gesto, el ciclo enfatiza la presencia huidiza del cuerpo en el tiempo y el espacio, y celebra c\u00f3mo el recuerdo se mantiene y actualiza a trav\u00e9s de \u00e9l, como una cont\u00ednua reinterpretaci\u00f3n del presente.<\/p>\n<p>El conjunto de las nueve sesiones est\u00e1 formado por una polifon\u00eda de lenguajes expresivos en la que la voz y el movimiento adquieren una nueva dimensi\u00f3n desde la querida necesidad de cuestionar la corporeidad. Cuerpos cargados de historias, de ausencias, de lastre, cuerpos encarcelados en lo que deben ser, en lo que quieren ser, en lo que fueron, cuerpos que no son cuerpos, cuerpos que son s\u00f3lo cuerpos, cuerpos que llaman a los cuerpos. La biograf\u00eda del cuerpo.<\/p>\n<p>&nbsp;<\/p>\n<p>La programaci\u00f3n y el comisariado de la segunda edici\u00f3n del ciclo <em>Las sillas de T\u00e0pies<\/em>, subtitulado <em>Memorias tatuadas<\/em>, ha corrido a cargo de <strong>Judith Barn\u00e9s<\/strong>, responsable de programas p\u00fablicos del Museu T\u00e0pies.<\/p>\n<p>&nbsp;<\/p>\n<p><strong>Programaci\u00f3n prevista:\u00a0<\/strong><\/p>\n<p><span style=\"font-weight: 400\"><strong>27\/3\/25:<\/strong> <a href=\"https:\/\/museutapies.org\/es\/event\/un-giro-horizontal\/\">Fito Conesa<\/a><\/span><\/p>\n<p><span style=\"font-weight: 400\"><strong>24\/4\/25:<\/strong> <a href=\"https:\/\/museutapies.org\/es\/event\/cruda\/\">Laia Estruch<\/a><\/span><\/p>\n<p><span style=\"font-weight: 400\"><strong>29\/5\/25:<\/strong> <a href=\"https:\/\/museutapies.org\/es\/event\/fragmentos-de-la-tierra\/\">Matria Libre &#8211; Arte sin fronteras<\/a><\/span><\/p>\n<p><span style=\"font-weight: 400\"><strong>26\/6\/25:<\/strong> <a href=\"https:\/\/museutapies.org\/es\/event\/performances-s-titulo\/\">Esther Ferrer<\/a><\/span><\/p>\n<p><span style=\"font-weight: 400\"><strong>17\/7\/25:<\/strong> <a href=\"https:\/\/museutapies.org\/es\/event\/trece-sobre-cero-ritual-accion-performance\/\">Benvenuto Chavajay<\/a><\/span><\/p>\n<p><span style=\"font-weight: 400\"><strong>25\/9\/25:<\/strong> <a href=\"https:\/\/museutapies.org\/es\/event\/joan-morey-doble-acontecimiento\/\">Joan Morey<\/a><\/span><\/p>\n<p><span style=\"font-weight: 400\"><strong>30\/10\/25:<\/strong> <a href=\"https:\/\/museutapies.org\/es\/event\/leo-castro-pasado-el-medio-camino\/\">Leonor Castro<\/a><\/span><\/p>\n<p><span style=\"font-weight: 400\"><strong>27\/11\/25:<\/strong> <a href=\"https:\/\/museutapies.org\/es\/event\/mireia-calafell-he-ri-das\/\">Mireia Calafell<\/a><\/span><\/p>\n<p><span style=\"font-weight: 400\"><strong>18\/12\/25:<\/strong> <a href=\"https:\/\/museutapies.org\/es\/event\/monica-valenciano-en-una-mota-de-polvo\/\">M\u00f3nica Valenciano<\/a><\/span><\/p>\n<p>&nbsp;<\/p>\n<p><a href=\"https:\/\/museutapies.org\/es\/series\/las-sillas-de-tapies\/\">Edici\u00f3n anterior 2024<\/a><\/p>\n<p>&nbsp;<\/p>\n<p><span style=\"font-size: 8pt\">Detalle de Sala de Reflexi\u00f3, de Antoni T\u00e0pies, Universitat Pompeu Fabra, Barcelona. \u00a9 Museu T\u00e0pies. Foto: Eva Carasol, 2023<\/span><\/p>","excerpt":"<p>Segunda edici\u00f3n del ciclo de acciones art\u00edsticas &#8220;Las sillas de T\u00e0pies&#8221;, subtitulado &#8220;Memorias tatuadas&#8221;.<\/p>","slug":"las-sillas-de-tapies-memorias-tatuadas","image":{"url":"https:\/\/museutapies.org\/wp-content\/uploads\/2025\/02\/F-76-salareflexio_B_EC_12.jpg","id":40683,"extension":"jpg","width":900,"height":1350,"filesize":1025564,"sizes":{"medium":{"width":533,"height":800,"mime-type":"image\/jpeg","filesize":73977,"url":"https:\/\/museutapies.org\/wp-content\/uploads\/2025\/02\/F-76-salareflexio_B_EC_12-533x800.jpg"},"large":{"width":467,"height":700,"mime-type":"image\/jpeg","filesize":57498,"url":"https:\/\/museutapies.org\/wp-content\/uploads\/2025\/02\/F-76-salareflexio_B_EC_12-467x700.jpg"},"thumbnail":{"width":510,"height":300,"mime-type":"image\/jpeg","filesize":25632,"url":"https:\/\/museutapies.org\/wp-content\/uploads\/2025\/02\/F-76-salareflexio_B_EC_12-510x300.jpg"},"medium_large":{"width":768,"height":1152,"mime-type":"image\/jpeg","filesize":150915,"url":"https:\/\/museutapies.org\/wp-content\/uploads\/2025\/02\/F-76-salareflexio_B_EC_12-768x1152.jpg"},"fullheader":{"width":2000,"height":1250,"mime-type":"image\/jpeg","filesize":330229,"url":"https:\/\/museutapies.org\/wp-content\/uploads\/2025\/02\/F-76-salareflexio_B_EC_12-2000x1250.jpg"},"home-slider":{"width":1200,"height":750,"mime-type":"image\/jpeg","filesize":134872,"url":"https:\/\/museutapies.org\/wp-content\/uploads\/2025\/02\/F-76-salareflexio_B_EC_12-1200x750.jpg"},"mediumcrop":{"width":800,"height":550,"mime-type":"image\/jpeg","filesize":70564,"url":"https:\/\/museutapies.org\/wp-content\/uploads\/2025\/02\/F-76-salareflexio_B_EC_12-800x550.jpg"},"obra":{"width":500,"height":750,"mime-type":"image\/jpeg","filesize":65737,"url":"https:\/\/museutapies.org\/wp-content\/uploads\/2025\/02\/F-76-salareflexio_B_EC_12-500x750.jpg"},"obra_arxiu":{"width":380,"height":570,"mime-type":"image\/jpeg","filesize":37575,"url":"https:\/\/museutapies.org\/wp-content\/uploads\/2025\/02\/F-76-salareflexio_B_EC_12-380x570.jpg"},"actual":{"width":1050,"height":618,"mime-type":"image\/jpeg","filesize":99840,"url":"https:\/\/museutapies.org\/wp-content\/uploads\/2025\/02\/F-76-salareflexio_B_EC_12-1050x618.jpg"},"shop":{"width":500,"height":355,"mime-type":"image\/jpeg","filesize":30117,"url":"https:\/\/museutapies.org\/wp-content\/uploads\/2025\/02\/F-76-salareflexio_B_EC_12-500x355.jpg"},"square":{"width":350,"height":350,"mime-type":"image\/jpeg","filesize":22404,"url":"https:\/\/museutapies.org\/wp-content\/uploads\/2025\/02\/F-76-salareflexio_B_EC_12-350x350.jpg"},"woocommerce_thumbnail":{"width":300,"height":300,"mime-type":"image\/jpeg","filesize":17326,"url":"https:\/\/museutapies.org\/wp-content\/uploads\/2025\/02\/F-76-salareflexio_B_EC_12-300x300.jpg"},"woocommerce_single":{"width":600,"height":900,"mime-type":"image\/jpeg","filesize":95600,"url":"https:\/\/museutapies.org\/wp-content\/uploads\/2025\/02\/F-76-salareflexio_B_EC_12-600x900.jpg"},"woocommerce_gallery_thumbnail":{"width":100,"height":100,"mime-type":"image\/jpeg","filesize":2980,"url":"https:\/\/museutapies.org\/wp-content\/uploads\/2025\/02\/F-76-salareflexio_B_EC_12-100x100.jpg"}}},"all_day":false,"start_date":"2025-03-27 19:00:00","start_date_details":{"year":"2025","month":"03","day":"27","hour":"19","minutes":"00","seconds":"00"},"end_date":"2025-03-27 20:00:00","end_date_details":{"year":"2025","month":"03","day":"27","hour":"20","minutes":"00","seconds":"00"},"utc_start_date":"2025-03-27 18:00:00","utc_start_date_details":{"year":"2025","month":"03","day":"27","hour":"18","minutes":"00","seconds":"00"},"utc_end_date":"2025-03-27 19:00:00","utc_end_date_details":{"year":"2025","month":"03","day":"27","hour":"19","minutes":"00","seconds":"00"},"timezone":"Europe\/Madrid","timezone_abbr":"CET","cost":"","cost_details":{"currency_symbol":"\u20ac","currency_code":"EUR","currency_position":"suffix","values":[]},"website":"","show_map":false,"show_map_link":true,"hide_from_listings":false,"sticky":false,"featured":false,"categories":[{"name":"Programas p\u00fablicos","slug":"programas-publicos","term_group":0,"term_taxonomy_id":5769,"taxonomy":"tribe_events_cat","description":"","parent":0,"count":131,"filter":"raw","id":5769,"urls":{"self":"https:\/\/museutapies.org\/es\/wp-json\/tribe\/events\/v1\/categories\/5769","collection":"https:\/\/museutapies.org\/es\/wp-json\/tribe\/events\/v1\/categories"}}],"tags":[],"venue":[],"organizer":[],"json_ld":{"@context":"http:\/\/schema.org","@type":"Event","name":"Las sillas de T\u00e0pies. Segunda edici\u00f3n","description":"&lt;p&gt;Segunda edici\u00f3n del ciclo de acciones art\u00edsticas &quot;Las sillas de T\u00e0pies&quot;, subtitulado &quot;Memorias tatuadas&quot;.&lt;\/p&gt;\\n","image":"https:\/\/museutapies.org\/wp-content\/uploads\/2025\/02\/F-76-salareflexio_B_EC_12.jpg","url":"https:\/\/museutapies.org\/es\/event\/las-sillas-de-tapies-memorias-tatuadas\/","eventAttendanceMode":"https:\/\/schema.org\/OfflineEventAttendanceMode","eventStatus":"https:\/\/schema.org\/EventScheduled","startDate":"2025-03-27T19:00:00+01:00","endDate":"2025-03-27T20:00:00+01:00","performer":"Organization"},"is_virtual":false,"virtual_url":null,"virtual_video_source":""}